{"id":3035,"date":"2026-04-22T21:12:56","date_gmt":"2026-04-22T20:12:56","guid":{"rendered":"https:\/\/astraholm.com\/?p=3035"},"modified":"2026-07-30T15:48:04","modified_gmt":"2026-07-30T14:48:04","slug":"vaeren-i-faellesfeltet-loerdag-22-august-kl-1100-1500","status":"publish","type":"post","link":"https:\/\/astraholm.com\/en\/vaeren-i-faellesfeltet-loerdag-22-august-kl-1100-1500\/","title":{"rendered":"Din nye frekvens &#8211; en harmonisk resonans af v\u00e6ren &#8211; L\u00f8rdag 22. august kl. 11:00-15:00"},"content":{"rendered":"<h1><span style=\"color: #808080;\"><strong>Din nye frekvens &#8211; en harmonisk resonans af v\u00e6ren<\/strong><\/span><\/h1>\n<h3 class=\"p1\"><span style=\"color: #808080;\"><i>I dette rum f\u00e5r du mulighed for at slippe det gamle, skabe balance i nervesystemet og tr\u00e6de ind i dit lys, din visdom og din urkraft. Det er en aktivering af n\u00f8glerne til en dybere kontakt med din sj\u00e6l, dit sj\u00e6lssprog, din fysiske krop og d\u00e9t, der forbinder os<\/i><\/span><\/h3>\n<p class=\"p1\"><span style=\"color: #808080;\"><b>Tidspunkt: L\u00f8rdag 22. august kl. 11:00-15:00<br \/>\n<\/b><b>Adresse: Templet, Ryesgade 17, 2200 K\u00f8benhavn<br \/>\n<\/b><\/span>Udveksling: kr. 777<\/p>\n<h3 class=\"p1\"><span style=\"color: #cc99ff;\"><strong><a style=\"color: #cc99ff;\" href=\"https:\/\/buy.stripe.com\/00w5kD2pTegAdsWesc6wE04\" target=\"_blank\" rel=\"noopener\">Sign up<\/a><\/strong><\/span><\/h3>\n<p class=\"p1\"><strong>Du vil tr\u00e6de ind i et trygt og k\u00e6rligt rum<\/strong><br \/>\nVi m\u00f8des i Templet i Ryesgade, i et samskabt felt, hvor intet skal opn\u00e5s og intet skal forst\u00e5s. Det er noget, der skal erfares og m\u00e6rkes ind i hjertet, ned i kroppen og i hele dit felt.<\/p>\n<p class=\"p1\"><b>Alkymisten indeni dig<br \/>\n<\/b>Du tr\u00e6der ind i f\u00e6llesfeltet med din unikke frekvens &#8211; din stemme, din fysiske krop og din energi &#8211; og indeni dig aktiveres n\u00f8glerne til en opdatering til den multidimensionelle version af dig.<br \/>\nDet er en ny frekvens &#8211; en harmonisk resonans af v\u00e6ren og en vej til mestring af energetisk alkymi. <em><strong>M\u00e5let er at afsl\u00f8re og omfavne det guld, der allerede findes indeni dig<\/strong><\/em><\/p>\n<p class=\"p1\"><b>Integration<br \/>\n<\/b>For at kunne integrere din nye frekvens og dit ubegr\u00e6nsede potentiale, startes en proces i dig, hvor du m\u00e5 du m\u00e5 s\u00e6tte din sj\u00e6l fri og tage ansvar for dit fundament, din fysiske krop, din n\u00e6ring, dine f\u00f8lelser, dine handlinger, dit hjem, dine relationer, dit arbejde og ikke mindst, den m\u00e5de du er i verden p\u00e5.<\/p>\n<p class=\"p1\"><strong>Dit unikke sj\u00e6lsprog<\/strong><br \/>\nJeg bringer det ind, som feltet kalder p\u00e5, Solfeggio krystalsyngesk\u00e5le, h\u00f8jfrekvensst\u00e6nger, rasler, musik, shamantrommer og min stemme.<br \/>\nGennem b\u00e5de stilhed, ord, lyssprog, lyskodeaktiveringer, frekvenser, musik, lyssang, bev\u00e6gelse og dyb frekvenshealing, bliver dit unikke sj\u00e6lsprog aktiveret, i takt med feltets bev\u00e6gelse og det, der udfolder sig.<\/p>\n<p><strong>Det praktiske<br \/>\n<\/strong>Kom i afslappet t\u00f8j og medbring gerne en krystal eller anden personlig ting til at st\u00f8tte dig i dit energiarbejde<em> (som du selvf\u00f8lgelig tager med hjem igen) og eventuelt en notesbog, blyant og en flaske vand<br \/>\n<\/em><em>Kom senest 15 min. f\u00f8r, s\u00e5 vi kan starte til tiden<\/em><\/p>\n<h3><span style=\"color: #cc99ff;\"><strong><a style=\"color: #cc99ff;\" href=\"https:\/\/buy.stripe.com\/00w5kD2pTegAdsWesc6wE04\" target=\"_blank\" rel=\"noopener\">Sign up<\/a><\/strong><\/span><\/h3>\n<p><span style=\"color: #cc99ff;\"><em>Tilmelding er bindende<\/em><\/span><\/p>\n<p>Jeg gl\u00e6der mig meget til at tr\u00e6de ind i f\u00e6llesfeltet sammen med jer.<\/p>\n<p class=\"p1\"><strong>K\u00e6re sj\u00e6l, du er velkommen<\/strong><br \/>\nEr du ny, s\u00e5 t\u00f8v ikke med at komme og v\u00e6re med, hvis f\u00e6llesfeltet kalder p\u00e5 dig. Du bliver guidet hele vejen i et k\u00e6rligt og trygt rum. Har du v\u00e6ret med f\u00f8r, er du naturligvis ogs\u00e5 velkommen igen, hvor du kan arbejde endnu dybere i din proces.<\/p>\n<p class=\"p1\">Kan du m\u00e6rke, at det er tid til en opgradering af hele dig, s\u00e5 kom og v\u00e6r med! Jeg vil gl\u00e6de mig til at tage imod dig<br \/>\nK\u00e6rligst, Linora<\/p>\n<p class=\"p1\"><b>Lidt om mig<br \/>\n<\/b><i>\u201cJeg lever og g\u00e5r med hjertet forrest. Mit hjerte guider mig b\u00e5de i mit liv og i mit virke &#8211; i det st\u00f8rste og i det mindste. Alt mit arbejde udspringer af en dyb k\u00e6rlighed til livet og til den sj\u00e6l, vi alle er. Mit kald er at skabe rum, hvor vi som mennesker kan v\u00e6kke hukommelsen om deres egen indre frihed, urkraft og visdom \u2013 og tr\u00e6de hjem i den, de er inderst inde. Jeg bev\u00e6ger mig i mellemrummet mellem Moder Jord og det Guddommelige \u2013 mellem verdener og dimensioner \u2013 som en bro mellem himmel og jord. I dette felt \u00e5bner vi en portal til din dybeste hukommelse om, hvem du virkelig er. Her henter jeg kosmiske frekvenser, formidler Kosmos og Moder Jords visdom og downloader lyskoder, der aktiverer sj\u00e6lens dybeste lag og opgraderer nervesystemet, s\u00e5 kroppen kan rumme mere lys, k\u00e6rlighed og livskraft. Gennem lyssprog, frekvenser, shamantrommer, hjertesang og energetisk alkymi \u00e5bner vi et rum, hvor du forbinder dig med b\u00e5de din jordiske urkraft og din guddommelige oprindelse.<\/i><\/p>\n<p class=\"p1\"><i>I mere end seks \u00e5r har jeg faciliteret spirituelle workshops, cacao ceremonier, shamantrommerejser samt mentor- og healingsforl\u00f8b \u2013 altid med intentionen om dyb indre transformation og balance. Min mission er at v\u00e6kke hjertet og sj\u00e6lens dybeste hukommelse \u2013 forbundet med Moder Jord, Kosmos og hinanden. I mine rum f\u00e5r du mulighed for at slippe det gamle, skabe balance i nervesystemet og tr\u00e6de ind i dit lys, din visdom og din urkraft. Jeg rummer hver enkelt deltager p\u00e5 alle plan og arbejder ogs\u00e5 ud fra mine egne processer og erfaringer, da jeg selv har g\u00e5et hele vejen fra at have levet i mange \u00e5r med et meget overbelastet nervesystem, til nu at st\u00e5 st\u00e6rkt i mig selv og den jeg er &#8211; som sj\u00e6l og som menneske.\u201d<\/i><\/p>","protected":false},"excerpt":{"rendered":"<p>Din nye frekvens &#8211; en harmonisk resonans af v\u00e6ren I dette rum f\u00e5r du mulighed for at slippe det gamle, skabe balance i nervesystemet og tr\u00e6de ind i dit lys, din visdom og din urkraft. Det er en aktivering af n\u00f8glerne til en dybere kontakt med din sj\u00e6l, dit sj\u00e6lssprog, din fysiske krop og d\u00e9t, [&hellip;]<\/p>\n","protected":false},"author":1,"featured_media":3048,"comment_status":"closed","ping_status":"open","sticky":false,"template":"","format":"standard","meta":{"_et_pb_use_builder":"","_et_pb_old_content":"","_et_gb_content_width":"","footnotes":""},"categories":[30],"tags":[],"class_list":["post-3035","post","type-post","status-publish","format-standard","has-post-thumbnail","hentry","category-bevidsthedspraksis"],"yoast_head":"<!-- This site is optimized with the Yoast SEO plugin v28.3 - https:\/\/yoast.com\/product\/yoast-seo-wordpress\/ -->\n<title>Din nye frekvens - en harmonisk resonans af v\u00e6ren - L\u00f8rdag 22. august kl. 11:00-15:00 - Astraholm<\/title>\n<meta name=\"description\" content=\"Linora Mi Astraholm afholder Spirituelle arrangementer i K\u00f8benhavn med visdom, healing og lyssprog.\" \/>\n<meta name=\"robots\" content=\"noindex, follow\" \/>\n<meta property=\"og:locale\" content=\"en_GB\" \/>\n<meta property=\"og:type\" content=\"article\" \/>\n<meta property=\"og:title\" content=\"Din nye frekvens - en harmonisk resonans af v\u00e6ren - L\u00f8rdag 22. august kl. 11:00-15:00 - Astraholm\" \/>\n<meta property=\"og:description\" content=\"Linora Mi Astraholm afholder Spirituelle arrangementer i K\u00f8benhavn med visdom, healing og lyssprog.\" \/>\n<meta property=\"og:url\" content=\"https:\/\/astraholm.com\/en\/vaeren-i-faellesfeltet-loerdag-22-august-kl-1100-1500\/\" \/>\n<meta property=\"og:site_name\" content=\"Astraholm\" \/>\n<meta property=\"article:publisher\" content=\"https:\/\/www.facebook.com\/ChristinaSvenningsenEnergyHealerSoulReader\" \/>\n<meta property=\"article:published_time\" content=\"2026-04-22T20:12:56+00:00\" \/>\n<meta property=\"article:modified_time\" content=\"2026-07-30T14:48:04+00:00\" \/>\n<meta property=\"og:image\" content=\"http:\/\/astraholm.com\/wp-content\/uploads\/2026\/04\/att.u0SebBUFKx0iA0ky8LwVSkfecc6h5468cIbYmDx49xU.jpeg\" \/>\n\t<meta property=\"og:image:width\" content=\"1529\" \/>\n\t<meta property=\"og:image:height\" content=\"1716\" \/>\n\t<meta property=\"og:image:type\" content=\"image\/jpeg\" \/>\n<meta name=\"author\" content=\"Linora Mi Astraholm\" \/>\n<meta name=\"twitter:card\" content=\"summary_large_image\" \/>\n<meta name=\"twitter:label1\" content=\"Written by\" \/>\n\t<meta name=\"twitter:data1\" content=\"Linora Mi Astraholm\" \/>\n\t<meta name=\"twitter:label2\" content=\"Estimated reading time\" \/>\n\t<meta name=\"twitter:data2\" content=\"5 minutes\" \/>\n<script type=\"application\/ld+json\" class=\"yoast-schema-graph\">{\"@context\":\"https:\\\/\\\/schema.org\",\"@graph\":[{\"@type\":\"Article\",\"@id\":\"https:\\\/\\\/astraholm.com\\\/vaeren-i-faellesfeltet-loerdag-22-august-kl-1100-1500\\\/#article\",\"isPartOf\":{\"@id\":\"https:\\\/\\\/astraholm.com\\\/vaeren-i-faellesfeltet-loerdag-22-august-kl-1100-1500\\\/\"},\"author\":{\"name\":\"Linora Mi Astraholm\",\"@id\":\"https:\\\/\\\/astraholm.com\\\/#\\\/schema\\\/person\\\/af9e3acb29ffbf1c45b67665b9be4d2a\"},\"headline\":\"Din nye frekvens &#8211; en harmonisk resonans af v\u00e6ren &#8211; L\u00f8rdag 22. august kl. 11:00-15:00\",\"datePublished\":\"2026-04-22T20:12:56+00:00\",\"dateModified\":\"2026-07-30T14:48:04+00:00\",\"mainEntityOfPage\":{\"@id\":\"https:\\\/\\\/astraholm.com\\\/vaeren-i-faellesfeltet-loerdag-22-august-kl-1100-1500\\\/\"},\"wordCount\":825,\"publisher\":{\"@id\":\"https:\\\/\\\/astraholm.com\\\/#organization\"},\"image\":{\"@id\":\"https:\\\/\\\/astraholm.com\\\/vaeren-i-faellesfeltet-loerdag-22-august-kl-1100-1500\\\/#primaryimage\"},\"thumbnailUrl\":\"https:\\\/\\\/astraholm.com\\\/wp-content\\\/uploads\\\/2026\\\/04\\\/att.u0SebBUFKx0iA0ky8LwVSkfecc6h5468cIbYmDx49xU.jpeg\",\"articleSection\":[\"Bevidsthedspraksis\"],\"inLanguage\":\"en-GB\"},{\"@type\":\"WebPage\",\"@id\":\"https:\\\/\\\/astraholm.com\\\/vaeren-i-faellesfeltet-loerdag-22-august-kl-1100-1500\\\/\",\"url\":\"https:\\\/\\\/astraholm.com\\\/vaeren-i-faellesfeltet-loerdag-22-august-kl-1100-1500\\\/\",\"name\":\"Din nye frekvens - en harmonisk resonans af v\u00e6ren - L\u00f8rdag 22. august kl. 11:00-15:00 - Astraholm\",\"isPartOf\":{\"@id\":\"https:\\\/\\\/astraholm.com\\\/#website\"},\"primaryImageOfPage\":{\"@id\":\"https:\\\/\\\/astraholm.com\\\/vaeren-i-faellesfeltet-loerdag-22-august-kl-1100-1500\\\/#primaryimage\"},\"image\":{\"@id\":\"https:\\\/\\\/astraholm.com\\\/vaeren-i-faellesfeltet-loerdag-22-august-kl-1100-1500\\\/#primaryimage\"},\"thumbnailUrl\":\"https:\\\/\\\/astraholm.com\\\/wp-content\\\/uploads\\\/2026\\\/04\\\/att.u0SebBUFKx0iA0ky8LwVSkfecc6h5468cIbYmDx49xU.jpeg\",\"datePublished\":\"2026-04-22T20:12:56+00:00\",\"dateModified\":\"2026-07-30T14:48:04+00:00\",\"description\":\"Linora Mi Astraholm afholder Spirituelle arrangementer i K\u00f8benhavn med visdom, healing og lyssprog.\",\"breadcrumb\":{\"@id\":\"https:\\\/\\\/astraholm.com\\\/vaeren-i-faellesfeltet-loerdag-22-august-kl-1100-1500\\\/#breadcrumb\"},\"inLanguage\":\"en-GB\",\"potentialAction\":[{\"@type\":\"ReadAction\",\"target\":[\"https:\\\/\\\/astraholm.com\\\/vaeren-i-faellesfeltet-loerdag-22-august-kl-1100-1500\\\/\"]}]},{\"@type\":\"ImageObject\",\"inLanguage\":\"en-GB\",\"@id\":\"https:\\\/\\\/astraholm.com\\\/vaeren-i-faellesfeltet-loerdag-22-august-kl-1100-1500\\\/#primaryimage\",\"url\":\"https:\\\/\\\/astraholm.com\\\/wp-content\\\/uploads\\\/2026\\\/04\\\/att.u0SebBUFKx0iA0ky8LwVSkfecc6h5468cIbYmDx49xU.jpeg\",\"contentUrl\":\"https:\\\/\\\/astraholm.com\\\/wp-content\\\/uploads\\\/2026\\\/04\\\/att.u0SebBUFKx0iA0ky8LwVSkfecc6h5468cIbYmDx49xU.jpeg\",\"width\":1529,\"height\":1716},{\"@type\":\"BreadcrumbList\",\"@id\":\"https:\\\/\\\/astraholm.com\\\/vaeren-i-faellesfeltet-loerdag-22-august-kl-1100-1500\\\/#breadcrumb\",\"itemListElement\":[{\"@type\":\"ListItem\",\"position\":1,\"name\":\"Hjem\",\"item\":\"https:\\\/\\\/astraholm.com\\\/\"},{\"@type\":\"ListItem\",\"position\":2,\"name\":\"Din nye frekvens &#8211; en harmonisk resonans af v\u00e6ren &#8211; L\u00f8rdag 22. august kl. 11:00-15:00\"}]},{\"@type\":\"WebSite\",\"@id\":\"https:\\\/\\\/astraholm.com\\\/#website\",\"url\":\"https:\\\/\\\/astraholm.com\\\/\",\"name\":\"Astraholm\",\"description\":\"Spiritual Teacher - Cosmic Energy Healer &amp; Alchemist\",\"publisher\":{\"@id\":\"https:\\\/\\\/astraholm.com\\\/#organization\"},\"potentialAction\":[{\"@type\":\"SearchAction\",\"target\":{\"@type\":\"EntryPoint\",\"urlTemplate\":\"https:\\\/\\\/astraholm.com\\\/?s={search_term_string}\"},\"query-input\":{\"@type\":\"PropertyValueSpecification\",\"valueRequired\":true,\"valueName\":\"search_term_string\"}}],\"inLanguage\":\"en-GB\"},{\"@type\":\"Organization\",\"@id\":\"https:\\\/\\\/astraholm.com\\\/#organization\",\"name\":\"Astraholm\",\"url\":\"https:\\\/\\\/astraholm.com\\\/\",\"logo\":{\"@type\":\"ImageObject\",\"inLanguage\":\"en-GB\",\"@id\":\"https:\\\/\\\/astraholm.com\\\/#\\\/schema\\\/logo\\\/image\\\/\",\"url\":\"https:\\\/\\\/astraholm.com\\\/wp-content\\\/uploads\\\/2024\\\/06\\\/cropped-A-logo-guld_website-link.png\",\"contentUrl\":\"https:\\\/\\\/astraholm.com\\\/wp-content\\\/uploads\\\/2024\\\/06\\\/cropped-A-logo-guld_website-link.png\",\"width\":512,\"height\":512,\"caption\":\"Astraholm\"},\"image\":{\"@id\":\"https:\\\/\\\/astraholm.com\\\/#\\\/schema\\\/logo\\\/image\\\/\"},\"sameAs\":[\"https:\\\/\\\/www.facebook.com\\\/ChristinaSvenningsenEnergyHealerSoulReader\",\"https:\\\/\\\/www.instagram.com\\\/christinasvenningsen.dk\\\/\"]},{\"@type\":\"Person\",\"@id\":\"https:\\\/\\\/astraholm.com\\\/#\\\/schema\\\/person\\\/af9e3acb29ffbf1c45b67665b9be4d2a\",\"name\":\"Linora Mi Astraholm\",\"image\":{\"@type\":\"ImageObject\",\"inLanguage\":\"en-GB\",\"@id\":\"https:\\\/\\\/secure.gravatar.com\\\/avatar\\\/2c599ef4aed2897939b50dde948f7a625291f49a50e2d5443655c7e3d13f1e35?s=96&d=mm&r=g\",\"url\":\"https:\\\/\\\/secure.gravatar.com\\\/avatar\\\/2c599ef4aed2897939b50dde948f7a625291f49a50e2d5443655c7e3d13f1e35?s=96&d=mm&r=g\",\"contentUrl\":\"https:\\\/\\\/secure.gravatar.com\\\/avatar\\\/2c599ef4aed2897939b50dde948f7a625291f49a50e2d5443655c7e3d13f1e35?s=96&d=mm&r=g\",\"caption\":\"Linora Mi Astraholm\"}}]}<\/script>\n<!-- \/ Yoast SEO plugin. -->","yoast_head_json":{"title":"Din nye frekvens - en harmonisk resonans af v\u00e6ren - L\u00f8rdag 22. august kl. 11:00-15:00 - Astraholm","description":"Linora Mi Astraholm afholder Spirituelle arrangementer i K\u00f8benhavn med visdom, healing og lyssprog.","robots":{"index":"noindex","follow":"follow"},"og_locale":"en_GB","og_type":"article","og_title":"Din nye frekvens - en harmonisk resonans af v\u00e6ren - L\u00f8rdag 22. august kl. 11:00-15:00 - Astraholm","og_description":"Linora Mi Astraholm afholder Spirituelle arrangementer i K\u00f8benhavn med visdom, healing og lyssprog.","og_url":"https:\/\/astraholm.com\/en\/vaeren-i-faellesfeltet-loerdag-22-august-kl-1100-1500\/","og_site_name":"Astraholm","article_publisher":"https:\/\/www.facebook.com\/ChristinaSvenningsenEnergyHealerSoulReader","article_published_time":"2026-04-22T20:12:56+00:00","article_modified_time":"2026-07-30T14:48:04+00:00","og_image":[{"width":1529,"height":1716,"url":"http:\/\/astraholm.com\/wp-content\/uploads\/2026\/04\/att.u0SebBUFKx0iA0ky8LwVSkfecc6h5468cIbYmDx49xU.jpeg","type":"image\/jpeg"}],"author":"Linora Mi Astraholm","twitter_card":"summary_large_image","twitter_misc":{"Written by":"Linora Mi Astraholm","Estimated reading time":"5 minutes"},"schema":{"@context":"https:\/\/schema.org","@graph":[{"@type":"Article","@id":"https:\/\/astraholm.com\/vaeren-i-faellesfeltet-loerdag-22-august-kl-1100-1500\/#article","isPartOf":{"@id":"https:\/\/astraholm.com\/vaeren-i-faellesfeltet-loerdag-22-august-kl-1100-1500\/"},"author":{"name":"Linora Mi Astraholm","@id":"https:\/\/astraholm.com\/#\/schema\/person\/af9e3acb29ffbf1c45b67665b9be4d2a"},"headline":"Din nye frekvens &#8211; en harmonisk resonans af v\u00e6ren &#8211; L\u00f8rdag 22. august kl. 11:00-15:00","datePublished":"2026-04-22T20:12:56+00:00","dateModified":"2026-07-30T14:48:04+00:00","mainEntityOfPage":{"@id":"https:\/\/astraholm.com\/vaeren-i-faellesfeltet-loerdag-22-august-kl-1100-1500\/"},"wordCount":825,"publisher":{"@id":"https:\/\/astraholm.com\/#organization"},"image":{"@id":"https:\/\/astraholm.com\/vaeren-i-faellesfeltet-loerdag-22-august-kl-1100-1500\/#primaryimage"},"thumbnailUrl":"https:\/\/astraholm.com\/wp-content\/uploads\/2026\/04\/att.u0SebBUFKx0iA0ky8LwVSkfecc6h5468cIbYmDx49xU.jpeg","articleSection":["Bevidsthedspraksis"],"inLanguage":"en-GB"},{"@type":"WebPage","@id":"https:\/\/astraholm.com\/vaeren-i-faellesfeltet-loerdag-22-august-kl-1100-1500\/","url":"https:\/\/astraholm.com\/vaeren-i-faellesfeltet-loerdag-22-august-kl-1100-1500\/","name":"Din nye frekvens - en harmonisk resonans af v\u00e6ren - L\u00f8rdag 22. august kl. 11:00-15:00 - Astraholm","isPartOf":{"@id":"https:\/\/astraholm.com\/#website"},"primaryImageOfPage":{"@id":"https:\/\/astraholm.com\/vaeren-i-faellesfeltet-loerdag-22-august-kl-1100-1500\/#primaryimage"},"image":{"@id":"https:\/\/astraholm.com\/vaeren-i-faellesfeltet-loerdag-22-august-kl-1100-1500\/#primaryimage"},"thumbnailUrl":"https:\/\/astraholm.com\/wp-content\/uploads\/2026\/04\/att.u0SebBUFKx0iA0ky8LwVSkfecc6h5468cIbYmDx49xU.jpeg","datePublished":"2026-04-22T20:12:56+00:00","dateModified":"2026-07-30T14:48:04+00:00","description":"Linora Mi Astraholm afholder Spirituelle arrangementer i K\u00f8benhavn med visdom, healing og lyssprog.","breadcrumb":{"@id":"https:\/\/astraholm.com\/vaeren-i-faellesfeltet-loerdag-22-august-kl-1100-1500\/#breadcrumb"},"inLanguage":"en-GB","potentialAction":[{"@type":"ReadAction","target":["https:\/\/astraholm.com\/vaeren-i-faellesfeltet-loerdag-22-august-kl-1100-1500\/"]}]},{"@type":"ImageObject","inLanguage":"en-GB","@id":"https:\/\/astraholm.com\/vaeren-i-faellesfeltet-loerdag-22-august-kl-1100-1500\/#primaryimage","url":"https:\/\/astraholm.com\/wp-content\/uploads\/2026\/04\/att.u0SebBUFKx0iA0ky8LwVSkfecc6h5468cIbYmDx49xU.jpeg","contentUrl":"https:\/\/astraholm.com\/wp-content\/uploads\/2026\/04\/att.u0SebBUFKx0iA0ky8LwVSkfecc6h5468cIbYmDx49xU.jpeg","width":1529,"height":1716},{"@type":"BreadcrumbList","@id":"https:\/\/astraholm.com\/vaeren-i-faellesfeltet-loerdag-22-august-kl-1100-1500\/#breadcrumb","itemListElement":[{"@type":"ListItem","position":1,"name":"Hjem","item":"https:\/\/astraholm.com\/"},{"@type":"ListItem","position":2,"name":"Din nye frekvens &#8211; en harmonisk resonans af v\u00e6ren &#8211; L\u00f8rdag 22. august kl. 11:00-15:00"}]},{"@type":"WebSite","@id":"https:\/\/astraholm.com\/#website","url":"https:\/\/astraholm.com\/","name":"Astraholm","description":"Spiritual Teacher - Cosmic Energy Healer &amp; Alchemist","publisher":{"@id":"https:\/\/astraholm.com\/#organization"},"potentialAction":[{"@type":"SearchAction","target":{"@type":"EntryPoint","urlTemplate":"https:\/\/astraholm.com\/?s={search_term_string}"},"query-input":{"@type":"PropertyValueSpecification","valueRequired":true,"valueName":"search_term_string"}}],"inLanguage":"en-GB"},{"@type":"Organization","@id":"https:\/\/astraholm.com\/#organization","name":"Astraholm","url":"https:\/\/astraholm.com\/","logo":{"@type":"ImageObject","inLanguage":"en-GB","@id":"https:\/\/astraholm.com\/#\/schema\/logo\/image\/","url":"https:\/\/astraholm.com\/wp-content\/uploads\/2024\/06\/cropped-A-logo-guld_website-link.png","contentUrl":"https:\/\/astraholm.com\/wp-content\/uploads\/2024\/06\/cropped-A-logo-guld_website-link.png","width":512,"height":512,"caption":"Astraholm"},"image":{"@id":"https:\/\/astraholm.com\/#\/schema\/logo\/image\/"},"sameAs":["https:\/\/www.facebook.com\/ChristinaSvenningsenEnergyHealerSoulReader","https:\/\/www.instagram.com\/christinasvenningsen.dk\/"]},{"@type":"Person","@id":"https:\/\/astraholm.com\/#\/schema\/person\/af9e3acb29ffbf1c45b67665b9be4d2a","name":"Linora Mi Astraholm","image":{"@type":"ImageObject","inLanguage":"en-GB","@id":"https:\/\/secure.gravatar.com\/avatar\/2c599ef4aed2897939b50dde948f7a625291f49a50e2d5443655c7e3d13f1e35?s=96&d=mm&r=g","url":"https:\/\/secure.gravatar.com\/avatar\/2c599ef4aed2897939b50dde948f7a625291f49a50e2d5443655c7e3d13f1e35?s=96&d=mm&r=g","contentUrl":"https:\/\/secure.gravatar.com\/avatar\/2c599ef4aed2897939b50dde948f7a625291f49a50e2d5443655c7e3d13f1e35?s=96&d=mm&r=g","caption":"Linora Mi Astraholm"}}]}},"_links":{"self":[{"href":"https:\/\/astraholm.com\/en\/wp-json\/wp\/v2\/posts\/3035","targetHints":{"allow":["GET"]}}],"collection":[{"href":"https:\/\/astraholm.com\/en\/wp-json\/wp\/v2\/posts"}],"about":[{"href":"https:\/\/astraholm.com\/en\/wp-json\/wp\/v2\/types\/post"}],"author":[{"embeddable":true,"href":"https:\/\/astraholm.com\/en\/wp-json\/wp\/v2\/users\/1"}],"replies":[{"embeddable":true,"href":"https:\/\/astraholm.com\/en\/wp-json\/wp\/v2\/comments?post=3035"}],"version-history":[{"count":17,"href":"https:\/\/astraholm.com\/en\/wp-json\/wp\/v2\/posts\/3035\/revisions"}],"predecessor-version":[{"id":3070,"href":"https:\/\/astraholm.com\/en\/wp-json\/wp\/v2\/posts\/3035\/revisions\/3070"}],"wp:featuredmedia":[{"embeddable":true,"href":"https:\/\/astraholm.com\/en\/wp-json\/wp\/v2\/media\/3048"}],"wp:attachment":[{"href":"https:\/\/astraholm.com\/en\/wp-json\/wp\/v2\/media?parent=3035"}],"wp:term":[{"taxonomy":"category","embeddable":true,"href":"https:\/\/astraholm.com\/en\/wp-json\/wp\/v2\/categories?post=3035"},{"taxonomy":"post_tag","embeddable":true,"href":"https:\/\/astraholm.com\/en\/wp-json\/wp\/v2\/tags?post=3035"}],"curies":[{"name":"wp","href":"https:\/\/api.w.org\/{rel}","templated":true}]}}